{"id":316978,"date":"2025-10-08T15:40:02","date_gmt":"2025-10-08T13:40:02","guid":{"rendered":"https:\/\/clever-fit.love-it.at\/?p=316978"},"modified":"2025-12-09T17:15:56","modified_gmt":"2025-12-09T16:15:56","slug":"vom-angestellten-vertriebsleiter-zum-erfolgreichen-studioinhaber","status":"publish","type":"post","link":"https:\/\/clever-fit.love-it.at\/de\/vom-angestellten-vertriebsleiter-zum-erfolgreichen-studioinhaber\/","title":{"rendered":"Vom angestellten Vertriebsleiter zum erfolgreichen Studioinhaber \u2013 ein Franchisepartner berichtet von seinem ersten Jahr mit clever fit"},"content":{"rendered":"\t\t<div data-elementor-type=\"wp-post\" data-elementor-id=\"316978\" class=\"elementor elementor-316978\" data-elementor-post-type=\"post\">\n\t\t\t\t<div data-particle_enable=\"false\" data-particle-mobile-disabled=\"false\" class=\"elementor-element elementor-element-65a0a93b e-con-full elementor-hidden-widescreen elementor-hidden-desktop elementor-hidden-laptop elementor-hidden-tablet elementor-hidden-mobile e-flex e-con e-parent\" data-id=\"65a0a93b\" data-element_type=\"container\" data-e-type=\"container\" data-settings=\"{&quot;background_background&quot;:&quot;classic&quot;}\">\n\t\t\t\t<div class=\"elementor-element elementor-element-188099b6 elementor-widget elementor-widget-spacer\" data-id=\"188099b6\" data-element_type=\"widget\" data-e-type=\"widget\" data-widget_type=\"spacer.default\">\n\t\t\t\t<div class=\"elementor-widget-container\">\n\t\t\t\t\t\t\t<div class=\"elementor-spacer\">\n\t\t\t<div class=\"elementor-spacer-inner\"><\/div>\n\t\t<\/div>\n\t\t\t\t\t\t<\/div>\n\t\t\t\t<\/div>\n\t\t<div data-particle_enable=\"false\" data-particle-mobile-disabled=\"false\" class=\"elementor-element elementor-element-1b6a3e4d e-con-full e-flex e-con e-child\" data-id=\"1b6a3e4d\" data-element_type=\"container\" data-e-type=\"container\">\n\t\t<div data-particle_enable=\"false\" data-particle-mobile-disabled=\"false\" class=\"elementor-element elementor-element-7b50b72a e-flex e-con-boxed e-con e-child\" data-id=\"7b50b72a\" data-element_type=\"container\" data-e-type=\"container\" data-settings=\"{&quot;background_background&quot;:&quot;classic&quot;}\">\n\t\t\t\t\t<div class=\"e-con-inner\">\n\t\t\t\t\t<\/div>\n\t\t\t\t<\/div>\n\t\t\t\t<\/div>\n\t\t\t\t<\/div>\n\t\t<div data-particle_enable=\"false\" data-particle-mobile-disabled=\"false\" class=\"elementor-element elementor-element-ecef275 e-flex e-con-boxed e-con e-parent\" data-id=\"ecef275\" data-element_type=\"container\" data-e-type=\"container\" data-settings=\"{&quot;background_background&quot;:&quot;classic&quot;}\">\n\t\t\t\t\t<div class=\"e-con-inner\">\n\t\t\t\t<div class=\"elementor-element elementor-element-8c04c1b elementor-widget elementor-widget-heading\" data-id=\"8c04c1b\" data-element_type=\"widget\" data-e-type=\"widget\" data-widget_type=\"heading.default\">\n\t\t\t\t<div class=\"elementor-widget-container\">\n\t\t\t\t\t<h4 class=\"elementor-heading-title elementor-size-default\">Pressemitteilung<\/h4>\t\t\t\t<\/div>\n\t\t\t\t<\/div>\n\t\t\t\t<div class=\"elementor-element elementor-element-8a243a9 elementor-widget elementor-widget-theme-post-title elementor-page-title elementor-widget-heading\" data-id=\"8a243a9\" data-element_type=\"widget\" data-e-type=\"widget\" data-widget_type=\"theme-post-title.default\">\n\t\t\t\t<div class=\"elementor-widget-container\">\n\t\t\t\t\t<h1 class=\"elementor-heading-title elementor-size-default\">Vom angestellten Vertriebsleiter zum erfolgreichen Studioinhaber \u2013 ein Franchisepartner berichtet von seinem ersten Jahr mit clever fit<\/h1>\t\t\t\t<\/div>\n\t\t\t\t<\/div>\n\t\t\t\t<div class=\"elementor-element elementor-element-bf5fa04 elementor-widget elementor-widget-post-info\" data-id=\"bf5fa04\" data-element_type=\"widget\" data-e-type=\"widget\" data-widget_type=\"post-info.default\">\n\t\t\t\t<div class=\"elementor-widget-container\">\n\t\t\t\t\t\t\t<ul class=\"elementor-icon-list-items elementor-post-info\">\n\t\t\t\t\t\t\t\t<li class=\"elementor-icon-list-item elementor-repeater-item-e1e6c5b\" itemprop=\"datePublished\">\n\t\t\t\t\t\t\t\t\t\t<span class=\"elementor-icon-list-icon\">\n\t\t\t\t\t\t\t\t<i aria-hidden=\"true\" class=\"fas fa-calendar\"><\/i>\t\t\t\t\t\t\t<\/span>\n\t\t\t\t\t\t\t\t\t<span class=\"elementor-icon-list-text elementor-post-info__item elementor-post-info__item--type-date\">\n\t\t\t\t\t\t\t\t\t\t<time>Oktober 8, 2025<\/time>\t\t\t\t\t<\/span>\n\t\t\t\t\t\t\t\t<\/li>\n\t\t\t\t<li class=\"elementor-icon-list-item elementor-repeater-item-6c63821\">\n\t\t\t\t\t\t\t\t\t\t<span class=\"elementor-icon-list-icon\">\n\t\t\t\t\t\t\t\t<i aria-hidden=\"true\" class=\"far fa-clock\"><\/i>\t\t\t\t\t\t\t<\/span>\n\t\t\t\t\t\t\t\t\t<span class=\"elementor-icon-list-text elementor-post-info__item elementor-post-info__item--type-time\">\n\t\t\t\t\t\t\t\t\t\t<time>15:40<\/time>\t\t\t\t\t<\/span>\n\t\t\t\t\t\t\t\t<\/li>\n\t\t\t\t<\/ul>\n\t\t\t\t\t\t<\/div>\n\t\t\t\t<\/div>\n\t\t\t\t<div class=\"elementor-element elementor-element-8ea6050 elementor-widget elementor-widget-text-editor\" data-id=\"8ea6050\" data-element_type=\"widget\" data-e-type=\"widget\" data-widget_type=\"text-editor.default\">\n\t\t\t\t<div class=\"elementor-widget-container\">\n\t\t\t\t\t\n<p><span style=\"font-weight: 400;\">All in or nothing: Franchisepartner Markus H\u00f6ller k<img loading=\"lazy\" decoding=\"async\" class=\"wp-image-317040 size-medium alignright\" src=\"https:\/\/clever-fit.love-it.at\/app\/uploads\/2025\/10\/251008_MarkusHoeller_IMG_0865-225x300.jpeg\" alt=\"\" width=\"225\" height=\"300\" srcset=\"https:\/\/clever-fit.love-it.at\/app\/uploads\/2025\/10\/251008_MarkusHoeller_IMG_0865-225x300.jpeg 225w, https:\/\/clever-fit.love-it.at\/app\/uploads\/2025\/10\/251008_MarkusHoeller_IMG_0865-768x1024.jpeg 768w, https:\/\/clever-fit.love-it.at\/app\/uploads\/2025\/10\/251008_MarkusHoeller_IMG_0865-1152x1536.jpeg 1152w, https:\/\/clever-fit.love-it.at\/app\/uploads\/2025\/10\/251008_MarkusHoeller_IMG_0865.jpeg 1536w\" sizes=\"auto, (max-width: 225px) 100vw, 225px\" \/>\u00fcndigte seinen sicheren Job und setze alles auf eine Karte. Heute schreibt er mit seinem eigenen Fitnessstudio schwarze Zahlen. Im Folgenden berichtet H\u00f6ller, wie er seine pers\u00f6nliche Reise zum eigenen Studio wahrgenommen hat:<\/span><\/p>\n<p>\u00a0<\/p>\n<p><b>Ich wollte nicht mehr nur f\u00fcr andere arbeiten \u2013 sondern etwas Eigenes schaffen.<\/b><\/p>\n<p><span style=\"font-weight: 400;\">Fast zwei Jahrzehnte lang war ich im Vertriebsau\u00dfendienst unterwegs. Ich habe Gro\u00dfkunden betreut, sp\u00e4ter Vertriebsteams gef\u00fchrt, Prozesse aufgebaut und Ziele \u00fcbertroffen. Karriere gemacht \u2013 ja. Aber erf\u00fcllt? Nein.<\/span><\/p>\n<p><span style=\"font-weight: 400;\">Denn obwohl ich im Job erfolgreich war, fehlte mir eines: Das Gef\u00fchl, etwas Eigenes aufzubauen. Etwas, das mir geh\u00f6rt.<\/span><\/p>\n<p><span style=\"font-weight: 400;\">Fitness war f\u00fcr mich nie nur ein Hobby \u2013 sondern ein Lebenswandel. Ich war fr\u00fcher stark \u00fcbergewichtig, habe den Weg ins Training gefunden, meine Ern\u00e4hrung umgestellt, mein Leben komplett ver\u00e4ndert. Irgendwann dachte ich: Was w\u00e4re, wenn ich selbst ein Studio er\u00f6ffne?<\/span><\/p>\n<p><span style=\"font-weight: 400;\">Der Gedanke wurde konkreter \u2013 und dann kam clever fit ins Spiel.<\/span><\/p>\n<p>\u00a0<\/p>\n<p><b>Fitness-Franchise: Mein Weg zum Ziel?<\/b><\/p>\n<p><span style=\"font-weight: 400;\">Ich begann zu recherchieren. Was brauche ich, um ein eigenes Fitnessstudio zu er\u00f6ffnen? Und vor allem: Was kann ich besser machen als andere Betreiber?<\/span><\/p>\n<p><span style=\"font-weight: 400;\">Franchise war f\u00fcr mich zun\u00e4chst kein Thema \u2013 bis ich auf clever fit stie\u00df. Folgende Punkte haben mich sofort begeistert:<\/span><\/p>\n<ul>\n<li style=\"font-weight: 400;\" aria-level=\"1\"><span style=\"font-weight: 400;\">Professionelle Begleitung von der ersten Minute an in allen relevanten Bereichen<\/span><\/li>\n<li style=\"font-weight: 400;\" aria-level=\"1\"><span style=\"font-weight: 400;\">Klare Strukturen, aber dennoch unternehmerische Freiheit<\/span><\/li>\n<li style=\"font-weight: 400;\" aria-level=\"1\"><span style=\"font-weight: 400;\">Und vor allem: Das Gef\u00fchl, nicht allein zu sein<\/span><\/li>\n<\/ul>\n<p><span style=\"font-weight: 400;\">Schon beim ersten Gespr\u00e4ch merkte ich: Hier zieht man nicht nur die \u201eVertriebsschiene\u201c durch. Hier sind Menschen, die wirklich helfen wollen. Der Kontakt war pers\u00f6nlich, ehrlich, schnell \u2013 und jederzeit absolut professionell.<\/span><\/p>\n<p>\u00a0<\/p>\n<p><b>Der Weg zur Er\u00f6ffnung: Herausforderung &amp; R\u00fcckenwind<\/b><\/p>\n<p><span style=\"font-weight: 400;\">Als ich mich entschieden hatte, ging alles ziemlich schnell \u2013 aber nicht immer einfach. Die Standortsuche war h\u00e4rter, als ich dachte. Ohne das Franchise-Team von clever fit h\u00e4tte ich wahrscheinlich aufgegeben. Aber sie haben mich unterst\u00fctzt, m\u00f6gliche Fl\u00e4chen vorgeschlagen, den Radius erweitert \u2013 bis im Sommer 2023 Erftstadt auf den Tisch kam. Ich wusste sofort: Das ist es. Das wird mein Standort, mein Studio.<\/span><\/p>\n<p><span style=\"font-weight: 400;\">Von da an lief es: Mietvertrag verhandelt, Finanzierung durchgezogen \u2013 immer mit einem Team im R\u00fccken, das wirklich wei\u00df, was es tut. Sogar der Gesch\u00e4ftsf\u00fchrer Alfred war pers\u00f6nlich erreichbar. Ich f\u00fchlte mich sicher, begleitet und trotzdem frei.<\/span><\/p>\n<p>\u00a0<\/p>\n<p><b>Der gro\u00dfe Tag: Die Er\u00f6ffnung<\/b><\/p>\n<p><span style=\"font-weight: 400;\">Am Abend vor der Er\u00f6ffnung stand ich in meinem Studio und dachte: \u201eWie zur H\u00f6lle soll das morgen fertig sein?\u201c Auf einmal f\u00e4llt einem jede Kleinigkeit auf, denen man in den Vorwochen keine Aufmerksamkeit geschenkt hat. Und doch war am n\u00e4chsten Morgen alles anders.<\/span><\/p>\n<p><span style=\"font-weight: 400;\">Ich stand in einem fertigen Fitnessstudio und sah Menschen vor der noch geschlossenen T\u00fcr: \u00dcber 400 Besucher kamen zur Er\u00f6ffnung. Es war \u00fcberw\u00e4ltigend. Dieser Moment, wenn aus einer Idee wirklich Realit\u00e4t wird \u2013 unbezahlbar.<\/span><\/p>\n<p>\u00a0<\/p>\n<p><b>Mein erstes Jahr: Kein Tag f\u00fchlt sich wie Arbeit an<\/b><\/p>\n<p><span style=\"font-weight: 400;\">Heute, ein Jahr sp\u00e4ter, arbeite ich 13\u201314 Stunden am Tag. Aber ich w\u00fcrde nichts daran \u00e4ndern. Denn ich entscheide selbst. Ich baue auf, gestalte, bin pr\u00e4sent. Und: Ich bin stolz.<\/span><\/p>\n<p><span style=\"font-weight: 400;\">Mein Studio l\u00e4uft \u2013 nicht perfekt, aber erfolgreich. Ich habe fr\u00fch ein starkes Team aufgebaut, darunter auch eine Studioleitung, die operativ viel abf\u00e4ngt. Dadurch kann ich am Unternehmen statt im Unternehmen arbeiten.<\/span><\/p>\n<p>\u00a0<\/p>\n<p><b>Das Wichtigste: Du bist nie allein<\/b><\/p>\n<p><span style=\"font-weight: 400;\">Was ich jedem sagen kann, der \u00fcber clever fit als Franchise-Partner nachdenkt: Netzwerken ist goldwert. Die Community unter den Franchise-Partnern ist stark, offen und ehrlich. Man tauscht sich aus, gibt sich gegenseitig Tipps und hilft sich. Kein Vergleich zu dem Gef\u00fchl, allein ein Studio aufzuziehen.<\/span><\/p>\n<p><span style=\"font-weight: 400;\">Und genau das macht clever fit f\u00fcr mich aus:<\/span><\/p>\n<ul>\n<li style=\"font-weight: 400;\" aria-level=\"1\"><span style=\"font-weight: 400;\">Starke Marke<\/span><\/li>\n<li style=\"font-weight: 400;\" aria-level=\"1\"><span style=\"font-weight: 400;\">Klare Prozesse<\/span><\/li>\n<li style=\"font-weight: 400;\" aria-level=\"1\"><span style=\"font-weight: 400;\">Freiheit f\u00fcr eigene Ideen<\/span><\/li>\n<li style=\"font-weight: 400;\" aria-level=\"1\"><span style=\"font-weight: 400;\">Und ein Netzwerk, das dich weiterbringt<\/span><\/li>\n<\/ul>\n<p><span style=\"font-weight: 400;\">Mein Fazit: Ich w\u00fcrde es jederzeit wieder tun. Ich habe meinen sicheren Job aufgegeben, um Unternehmer zu werden \u2013 mit clever fit an meiner Seite. Und ich habe es keine Sekunde bereut.<\/span><\/p>\n<p><span style=\"font-weight: 400;\">Wenn du gerade \u00fcberlegst, ob dieser Weg auch f\u00fcr dich der richtige sein k\u00f6nnte, dann sage ich dir: Ja, es wird anstrengend. Aber es lohnt sich.<\/span><\/p>\n\t\t\t\t<\/div>\n\t\t\t\t<\/div>\n\t\t\t\t<div class=\"elementor-element elementor-element-8c7d04a elementor-hidden-widescreen elementor-hidden-desktop elementor-hidden-laptop elementor-hidden-tablet elementor-hidden-mobile elementor-widget elementor-widget-theme-post-featured-image elementor-widget-image\" data-id=\"8c7d04a\" data-element_type=\"widget\" data-e-type=\"widget\" data-widget_type=\"theme-post-featured-image.default\">\n\t\t\t\t<div class=\"elementor-widget-container\">\n\t\t\t\t\t\t\t\t\t\t\t\t<figure class=\"wp-caption\">\n\t\t\t\t\t\t\t\t\t\t<img loading=\"lazy\" decoding=\"async\" width=\"768\" height=\"1024\" src=\"https:\/\/clever-fit.love-it.at\/app\/uploads\/2025\/10\/251008_MarkusHoeller_IMG_0865-768x1024.jpeg\" class=\"attachment-large size-large wp-image-317040\" alt=\"\" srcset=\"https:\/\/clever-fit.love-it.at\/app\/uploads\/2025\/10\/251008_MarkusHoeller_IMG_0865-768x1024.jpeg 768w, https:\/\/clever-fit.love-it.at\/app\/uploads\/2025\/10\/251008_MarkusHoeller_IMG_0865-225x300.jpeg 225w, https:\/\/clever-fit.love-it.at\/app\/uploads\/2025\/10\/251008_MarkusHoeller_IMG_0865-1152x1536.jpeg 1152w, https:\/\/clever-fit.love-it.at\/app\/uploads\/2025\/10\/251008_MarkusHoeller_IMG_0865.jpeg 1536w\" sizes=\"auto, (max-width: 768px) 100vw, 768px\" \/>\t\t\t\t\t\t\t\t\t\t\t<figcaption class=\"widget-image-caption wp-caption-text\"><\/figcaption>\n\t\t\t\t\t\t\t\t\t\t<\/figure>\n\t\t\t\t\t\t\t\t\t<\/div>\n\t\t\t\t<\/div>\n\t\t\t\t<div class=\"elementor-element elementor-element-a3b01e1 elementor-hidden-widescreen elementor-hidden-desktop elementor-hidden-laptop elementor-hidden-tablet elementor-hidden-mobile elementor-widget elementor-widget-text-editor\" data-id=\"a3b01e1\" data-element_type=\"widget\" data-e-type=\"widget\" data-widget_type=\"text-editor.default\">\n\t\t\t\t<div class=\"elementor-widget-container\">\n\t\t\t\t\t\n<p><strong>\u00dcber clever fit<\/strong><\/p>\n<p>Alles begann 2004 mit einem Pilotversuch in M\u00fcnchen. Als Gr\u00fcnder und CEO leitet Alfred Enzensberger mit derzeit \u00fcber 50 Mitarbeitenden seitdem die Geschicke der clever fit GmbH (2007). Seine Idee, k\u00f6rperliche Fitness mit Fokus auf hochwertige Ger\u00e4te und in Kombination mit einem sehr guten Preis-Leistungs-Verh\u00e4ltnis einer breiten Zielgruppe zu erm\u00f6glichen, war der Grundstein f\u00fcr eine der standortst\u00e4rksten Fitnessketten in Deutschland und Europa. Von der Systemzentrale im oberbayrischen Landsberg am Lech erobert das Unternehmen seitdem mit einem leistungsstarken Fitness-Franchise-System die Welt. Heute geh\u00f6ren zur clever-fit Familie \u00fcber 520 Fitnessstudios im DACH-Raum in L\u00e4ndern wie Niederlande, Tschechien, Slowenien und Rum\u00e4nien mit insgesamt ca. 900.000 Mitgliedern.\u00a0<\/p>\n<p>Im Kern bietet die Fitness-Kette unter den Marken \u201eclever fit\u201c, \u201eclever fit ladys\u201c, \u201eclever fit on\u201c und \u201eclever fit the BOX\u201c seinen Franchisenehmern skalierbare Lifestyle- und Gesundheitskonzepte f\u00fcr Stadt und Land an, einschlie\u00dflich einem innovativen Konzept ab 400 m2. Dazu kommt eine ausgereifte Studioplanung, eine eigene Weiterbildungs-Akademie f\u00fcr Mitarbeiter und nat\u00fcrlich Marketing und Kommunikation als TOP f\u00fcr die Franchise\u00acnehmer hinzu.\u00a0<\/p>\n<p>Auch in der Krise bleibt clever fit seinem Expansionskurs treu: Bis Ende des Jahres 2022 hat das Unternehmen 37 neue Studios mit seinen Franchisenehmern er\u00f6ffnet.<\/p>\n<div>\u00a0<\/div>\n\t\t\t\t<\/div>\n\t\t\t\t<\/div>\n\t\t\t\t<div class=\"elementor-element elementor-element-1a0fe49 elementor-widget elementor-widget-cle-button\" data-id=\"1a0fe49\" data-element_type=\"widget\" data-e-type=\"widget\" data-widget_type=\"cle-button.default\">\n\t\t\t\t<div class=\"elementor-widget-container\">\n\t\t\t\t\t        <a href=\"https:\/\/clever-fit.love-it.at\/de\/franchise\/\"                class=\"cle-button primary  on-white\">\n            <div class=\"text\" >\n                Hier erf\u00e4hrst du mehr \u00fcber deine M\u00f6glichkeiten mit clever fit            <\/div>\n        <\/a>\n        \t\t\t\t<\/div>\n\t\t\t\t<\/div>\n\t\t\t\t<div class=\"elementor-element elementor-element-744ee28 elementor-widget elementor-widget-spacer\" data-id=\"744ee28\" data-element_type=\"widget\" data-e-type=\"widget\" data-widget_type=\"spacer.default\">\n\t\t\t\t<div class=\"elementor-widget-container\">\n\t\t\t\t\t\t\t<div class=\"elementor-spacer\">\n\t\t\t<div class=\"elementor-spacer-inner\"><\/div>\n\t\t<\/div>\n\t\t\t\t\t\t<\/div>\n\t\t\t\t<\/div>\n\t\t\t\t<div class=\"elementor-element elementor-element-77717c0 elementor-widget elementor-widget-post-navigation\" data-id=\"77717c0\" data-element_type=\"widget\" data-e-type=\"widget\" data-widget_type=\"post-navigation.default\">\n\t\t\t\t<div class=\"elementor-widget-container\">\n\t\t\t\t\t\t\t<div class=\"elementor-post-navigation\" role=\"navigation\" aria-label=\"Beitrag Navigation\">\n\t\t\t<div class=\"elementor-post-navigation__prev elementor-post-navigation__link\">\n\t\t\t\t\t\t\t<\/div>\n\t\t\t\t\t\t<div class=\"elementor-post-navigation__next elementor-post-navigation__link\">\n\t\t\t\t<a href=\"https:\/\/clever-fit.love-it.at\/de\/ich-habe-fast-ein-jahr-im-studio-geschlafen-und-es-war-die-beste-entscheidung-meines-lebens\/\" rel=\"next\"><span class=\"elementor-post-navigation__link__next\"><span class=\"post-navigation__next--label\">Weitere Erfolgsgeschichten<\/span><\/span><span class=\"post-navigation__arrow-wrapper post-navigation__arrow-next\"><i aria-hidden=\"true\" class=\"fas fa-chevron-right\"><\/i><span class=\"elementor-screen-only\">N\u00e4chster<\/span><\/span><\/a>\t\t\t<\/div>\n\t\t<\/div>\n\t\t\t\t\t\t<\/div>\n\t\t\t\t<\/div>\n\t\t\t\t\t<\/div>\n\t\t\t\t<\/div>\n\t\t<div data-particle_enable=\"false\" data-particle-mobile-disabled=\"false\" class=\"elementor-element elementor-element-e1c9143 e-flex e-con-boxed e-con e-parent\" data-id=\"e1c9143\" data-element_type=\"container\" data-e-type=\"container\">\n\t\t\t\t\t<div class=\"e-con-inner\">\n\t\t\t\t<div class=\"elementor-element elementor-element-5a118a7 elementor-hidden-widescreen elementor-hidden-desktop elementor-hidden-laptop elementor-hidden-tablet elementor-hidden-mobile elementor-widget elementor-widget-cle-button\" data-id=\"5a118a7\" data-element_type=\"widget\" data-e-type=\"widget\" data-widget_type=\"cle-button.default\">\n\t\t\t\t<div class=\"elementor-widget-container\">\n\t\t\t\t\t        <a href=\"\/de\/presse\/\"                class=\"cle-button tertiary slim on-white\">\n            <div class=\"text\" >\n                zur \u00dcbersicht            <\/div>\n        <\/a>\n        \t\t\t\t<\/div>\n\t\t\t\t<\/div>\n\t\t\t\t<div class=\"elementor-element elementor-element-a35ca39 elementor-widget elementor-widget-spacer\" data-id=\"a35ca39\" data-element_type=\"widget\" data-e-type=\"widget\" data-widget_type=\"spacer.default\">\n\t\t\t\t<div class=\"elementor-widget-container\">\n\t\t\t\t\t\t\t<div class=\"elementor-spacer\">\n\t\t\t<div class=\"elementor-spacer-inner\"><\/div>\n\t\t<\/div>\n\t\t\t\t\t\t<\/div>\n\t\t\t\t<\/div>\n\t\t\t\t\t<\/div>\n\t\t\t\t<\/div>\n\t\t\t\t<\/div>\n\t\t","protected":false},"excerpt":{"rendered":"<p>Pressemitteilung All in or nothing: Franchisepartner Markus H\u00f6ller k\u00fcndigte seinen sicheren Job und setze alles auf eine Karte. Heute schreibt er mit seinem eigenen Fitnessstudio schwarze Zahlen. Im Folgenden berichtet [&hellip;]<\/p>\n","protected":false},"author":531,"featured_media":317040,"comment_status":"open","ping_status":"open","sticky":false,"template":"","format":"standard","meta":{"_acf_changed":false,"_seopress_robots_primary_cat":"none","_seopress_titles_title":"Vom angestellten Vertriebsleiter zum erfolgreichen Studioinhaber","_seopress_titles_desc":"All in or nothing: Franchisepartner Markus H\u00f6ller k\u00fcndigte seinen sicheren Job und setze alles auf eine Karte. Heute schreibt er mit seinem eigenen Fitnessstudio schwarze Zahlen. Im Folgenden berichtet H\u00f6ller, wie er seine pers\u00f6nliche Reise zum eigenen Studio wahrgenommen hat:\r\nIch wollte nicht mehr nur f\u00fcr andere arbeiten \u2013 sondern etwas Eigenes schaffen.","_seopress_robots_index":"","footnotes":""},"categories":[1],"tags":[],"class_list":["post-316978","post","type-post","status-publish","format-standard","has-post-thumbnail","hentry","category-unkategorisiert"],"acf":[],"_links":{"self":[{"href":"https:\/\/clever-fit.love-it.at\/de\/wp-json\/wp\/v2\/posts\/316978","targetHints":{"allow":["GET"]}}],"collection":[{"href":"https:\/\/clever-fit.love-it.at\/de\/wp-json\/wp\/v2\/posts"}],"about":[{"href":"https:\/\/clever-fit.love-it.at\/de\/wp-json\/wp\/v2\/types\/post"}],"author":[{"embeddable":true,"href":"https:\/\/clever-fit.love-it.at\/de\/wp-json\/wp\/v2\/users\/531"}],"replies":[{"embeddable":true,"href":"https:\/\/clever-fit.love-it.at\/de\/wp-json\/wp\/v2\/comments?post=316978"}],"version-history":[{"count":8,"href":"https:\/\/clever-fit.love-it.at\/de\/wp-json\/wp\/v2\/posts\/316978\/revisions"}],"predecessor-version":[{"id":333648,"href":"https:\/\/clever-fit.love-it.at\/de\/wp-json\/wp\/v2\/posts\/316978\/revisions\/333648"}],"wp:featuredmedia":[{"embeddable":true,"href":"https:\/\/clever-fit.love-it.at\/de\/wp-json\/wp\/v2\/media\/317040"}],"wp:attachment":[{"href":"https:\/\/clever-fit.love-it.at\/de\/wp-json\/wp\/v2\/media?parent=316978"}],"wp:term":[{"taxonomy":"category","embeddable":true,"href":"https:\/\/clever-fit.love-it.at\/de\/wp-json\/wp\/v2\/categories?post=316978"},{"taxonomy":"post_tag","embeddable":true,"href":"https:\/\/clever-fit.love-it.at\/de\/wp-json\/wp\/v2\/tags?post=316978"}],"curies":[{"name":"wp","href":"https:\/\/api.w.org\/{rel}","templated":true}]}}